{"id":250,"date":"2017-04-29T11:13:33","date_gmt":"2017-04-29T11:13:33","guid":{"rendered":"http:\/\/windschiaf.de\/?p=250"},"modified":"2022-06-11T09:45:53","modified_gmt":"2022-06-11T09:45:53","slug":"windschiaf-aktuell","status":"publish","type":"post","link":"https:\/\/windschiaf.de\/?p=250","title":{"rendered":""},"content":{"rendered":"\n<h2><span style=\"color: #993300;\">Herzlich Willkommen auf unser Website<\/span><\/h2>\n\n\n\n<div class=\"wp-block-image is-style-rounded\"><figure class=\"aligncenter size-large\"><img loading=\"lazy\" width=\"1024\" height=\"576\" src=\"http:\/\/windschiaf.de\/wp-content\/uploads\/2022\/05\/InkedIMG-20220521-WA0003_LI-1024x576.jpg\" alt=\"\" class=\"wp-image-444\" srcset=\"https:\/\/windschiaf.de\/wp-content\/uploads\/2022\/05\/InkedIMG-20220521-WA0003_LI-1024x576.jpg 1024w, https:\/\/windschiaf.de\/wp-content\/uploads\/2022\/05\/InkedIMG-20220521-WA0003_LI-300x169.jpg 300w, https:\/\/windschiaf.de\/wp-content\/uploads\/2022\/05\/InkedIMG-20220521-WA0003_LI-768x432.jpg 768w, https:\/\/windschiaf.de\/wp-content\/uploads\/2022\/05\/InkedIMG-20220521-WA0003_LI-1536x864.jpg 1536w, https:\/\/windschiaf.de\/wp-content\/uploads\/2022\/05\/InkedIMG-20220521-WA0003_LI.jpg 1600w\" sizes=\"(max-width: 1024px) 100vw, 1024px\" \/><\/figure><\/div>\n\n\n\n<p class=\"has-text-align-center\"><\/p>\n\n\n\n<p class=\"has-text-align-center has-medium-font-size\">gro\u00dfes Jubil\u00e4umskonzert 25 Jahre&nbsp; Windschiaf<\/p>\n\n\n\n<p class=\"has-text-align-center has-large-font-size\"><span class=\"has-inline-color has-medium-pink-color\">am Samstag, 21. Mai 2022<\/span><\/p>\n\n\n\n<p class=\"has-text-align-center has-medium-pink-color has-text-color has-large-font-size\">Danke dass Ihr dabei wart<\/p>\n\n\n\n<p class=\"has-text-align-center has-medium-font-size\">in Bergkirchen<\/p>\n\n\n\n<p class=\"has-text-align-center has-medium-font-size\">Es war wunderbar!<\/p>\n\n\n\n<p class=\"has-text-align-center has-medium-pink-color has-text-color\" style=\"font-size:24px\"><a href=\"http:\/\/windschiaf.de\/?page_id=467\">Alles dazu hier!<\/a><\/p>\n\n\n\n<p class=\"has-text-align-center\"> <strong>Wir danken allen f\u00fcr ihre gro\u00dfz\u00fcgige Spende.<\/strong><br><strong>Der Erl\u00f6s von unglaublichen 1000 \u20ac geht an die Dachauer Tafel!<\/strong> <\/p>\n\n\n\n<figure class=\"wp-block-image size-large\"><img loading=\"lazy\" width=\"1024\" height=\"576\" src=\"http:\/\/windschiaf.de\/wp-content\/uploads\/2022\/06\/Dachauer-Tafel-1024x576.jpg\" alt=\"\" class=\"wp-image-629\" srcset=\"https:\/\/windschiaf.de\/wp-content\/uploads\/2022\/06\/Dachauer-Tafel-1024x576.jpg 1024w, https:\/\/windschiaf.de\/wp-content\/uploads\/2022\/06\/Dachauer-Tafel-300x169.jpg 300w, https:\/\/windschiaf.de\/wp-content\/uploads\/2022\/06\/Dachauer-Tafel-768x432.jpg 768w, https:\/\/windschiaf.de\/wp-content\/uploads\/2022\/06\/Dachauer-Tafel-1536x864.jpg 1536w, https:\/\/windschiaf.de\/wp-content\/uploads\/2022\/06\/Dachauer-Tafel-2048x1152.jpg 2048w\" sizes=\"(max-width: 1024px) 100vw, 1024px\" \/><\/figure>\n","protected":false},"excerpt":{"rendered":"<p>Herzlich Willkommen auf unser Website gro\u00dfes Jubil\u00e4umskonzert 25 Jahre&nbsp; Windschiaf am Samstag, 21. Mai 2022 Danke dass Ihr dabei wart in Bergkirchen Es war wunderbar! Alles dazu hier! Wir danken allen f\u00fcr ihre gro\u00dfz\u00fcgige Spende.Der Erl\u00f6s von unglaublichen 1000 \u20ac geht an die Dachauer Tafel!<\/p>\n","protected":false},"author":1,"featured_media":0,"comment_status":"closed","ping_status":"closed","sticky":false,"template":"","format":"standard","meta":[],"categories":[1],"tags":[],"_links":{"self":[{"href":"https:\/\/windschiaf.de\/index.php?rest_route=\/wp\/v2\/posts\/250"}],"collection":[{"href":"https:\/\/windschiaf.de\/index.php?rest_route=\/wp\/v2\/posts"}],"about":[{"href":"https:\/\/windschiaf.de\/index.php?rest_route=\/wp\/v2\/types\/post"}],"author":[{"embeddable":true,"href":"https:\/\/windschiaf.de\/index.php?rest_route=\/wp\/v2\/users\/1"}],"replies":[{"embeddable":true,"href":"https:\/\/windschiaf.de\/index.php?rest_route=%2Fwp%2Fv2%2Fcomments&post=250"}],"version-history":[{"count":32,"href":"https:\/\/windschiaf.de\/index.php?rest_route=\/wp\/v2\/posts\/250\/revisions"}],"predecessor-version":[{"id":631,"href":"https:\/\/windschiaf.de\/index.php?rest_route=\/wp\/v2\/posts\/250\/revisions\/631"}],"wp:attachment":[{"href":"https:\/\/windschiaf.de\/index.php?rest_route=%2Fwp%2Fv2%2Fmedia&parent=250"}],"wp:term":[{"taxonomy":"category","embeddable":true,"href":"https:\/\/windschiaf.de\/index.php?rest_route=%2Fwp%2Fv2%2Fcategories&post=250"},{"taxonomy":"post_tag","embeddable":true,"href":"https:\/\/windschiaf.de\/index.php?rest_route=%2Fwp%2Fv2%2Ftags&post=250"}],"curies":[{"name":"wp","href":"https:\/\/api.w.org\/{rel}","templated":true}]}}